{"id":3473,"date":"2024-02-05T09:00:27","date_gmt":"2024-02-05T09:00:27","guid":{"rendered":"https:\/\/www.youngreenhub.eu\/?p=3473"},"modified":"2024-03-24T20:05:02","modified_gmt":"2024-03-24T20:05:02","slug":"treecelet-combating-deforestation-with-trendy-bracelets-and-a-vision-for-green-forests","status":"publish","type":"post","link":"https:\/\/www.youngreenhub.eu\/hu\/treecelet-combating-deforestation-with-trendy-bracelets-and-a-vision-for-green-forests\/","title":{"rendered":"Treecelet: Az erd\u0151irt\u00e1s elleni k\u00fczdelem divatos kark\u00f6t\u0151kkel \u00e9s a z\u00f6ld erd\u0151k v\u00edzi\u00f3j\u00e1val"},"content":{"rendered":"<p>Az erd\u0151irt\u00e1s glob\u00e1lis v\u00e1ls\u00e1g\u00e1val szemben egy egyed\u00fcl\u00e1ll\u00f3 \u00e9s innovat\u00edv \u00fczleti modell jelenik meg Szlov\u00e9ni\u00e1b\u00f3l, amely a k\u00f6rnyezeti felel\u0151ss\u00e9gv\u00e1llal\u00e1st \u00e9s a divatos kieg\u00e9sz\u00edt\u0151ket \u00f6tv\u00f6zi. A fiatal testv\u00e9rek, Miha \u00e9s Jaka \u00e1ltal alap\u00edtott Treecelet a term\u00e9szet ir\u00e1nti szenved\u00e9ly \u00e9s az \u00e1csmesters\u00e9g r\u00e9gi csal\u00e1di hagyom\u00e1ny\u00e1nak \u00f6tv\u00f6z\u00e9se, amely az erd\u0151k helyre\u00e1ll\u00edt\u00e1s\u00e1t \u00e9s meg\u0151rz\u00e9s\u00e9t szolg\u00e1lja vil\u00e1gszerte.<\/p>\n<p><strong>Az erd\u0151irt\u00e1s probl\u00e9m\u00e1ja<\/strong><\/p>\n<p>Az erd\u0151irt\u00e1s tov\u00e1bbra is az egyik leg\u00e9get\u0151bb k\u00f6rnyezeti probl\u00e9ma, amely hat\u00e1ssal van az \u00e9ghajlatv\u00e1ltoz\u00e1sra, a biol\u00f3giai sokf\u00e9les\u00e9gre \u00e9s az \u00f6kosziszt\u00e9m\u00e1k egyens\u00faly\u00e1ra. A f\u00e1k k\u00f6ny\u00f6rtelen kiv\u00e1g\u00e1sa k\u00fcl\u00f6nb\u00f6z\u0151 ipari c\u00e9lokra nemcsak a term\u00e9szetet bomlasztja, hanem jelent\u0151sen hozz\u00e1j\u00e1rul a l\u00e9gk\u00f6rben l\u00e9v\u0151 CO2 szintj\u00e9nek n\u00f6veked\u00e9s\u00e9hez is.<\/p>\n<p><strong>Treecelet: Megold\u00e1s a fenntarthat\u00f3 \u00fczleti gyakorlaton kereszt\u00fcl<\/strong><\/p>\n<p>A Treecelet \u00fatja 2018-ban kezd\u0151d\u00f6tt, a testv\u00e9rek erd\u0151h\u00f6z \u00e9s fafeldolgoz\u00e1shoz f\u0171z\u0151d\u0151 m\u00e9ly kapcsolat\u00e1ban gy\u00f6kerezve. Felismerve a faipar erd\u0151kre gyakorolt hat\u00e1s\u00e1t, elindultak a fenntarthat\u00f3s\u00e1g fel\u00e9 vezet\u0151 \u00faton. 2019-re jelent\u0151s m\u00e9rf\u00f6ldk\u00f6vet \u00e9rtek el: \u0151k lettek az els\u0151 CO2-semleges k\u00e9zm\u0171vesek Szlov\u00e9ni\u00e1ban. Ezt \u00fagy \u00e9rt\u00e9k el, hogy t\u00f6bb f\u00e1t \u00fcltettek, mint amennyit a csal\u00e1di asztalos v\u00e1llalkoz\u00e1sukban felhaszn\u00e1ltak, kompenz\u00e1lt\u00e1k az \u00e1ramfelhaszn\u00e1l\u00e1st, \u00e9s kompenz\u00e1lt\u00e1k a j\u00e1rm\u0171veik \u00fcvegh\u00e1zhat\u00e1s\u00fa g\u00e1zkibocs\u00e1t\u00e1s\u00e1t.<\/p>\n<p><strong>Az \u00e1csmesters\u00e9gt\u0151l a divatig: A fa kark\u00f6t\u0151 sz\u00fclet\u00e9se<\/strong><\/p>\n<p>Miha \u00e9s Jaka elk\u00f6telezetts\u00e9g\u00fcket egy l\u00e9p\u00e9ssel tov\u00e1bb vitt\u00e9k, \u00e9s bemutatt\u00e1k a Treecelet kark\u00f6t\u0151ket. Ezek a divatos kieg\u00e9sz\u00edt\u0151k kett\u0151s c\u00e9lt szolg\u00e1lnak: egyr\u00e9szt divatot teremtenek, m\u00e1sr\u00e9szt a k\u00f6rnyezet helyre\u00e1ll\u00edt\u00e1s\u00e1nak eszk\u00f6zei. Minden egyes eladott kark\u00f6t\u0151 ut\u00e1n v\u00e1llalj\u00e1k, hogy f\u00e1kat \u00fcltetnek, \u00e9s nonprofit partnereikkel k\u00f6z\u00f6sen fa\u00fcltet\u00e9si projekteket finansz\u00edroznak. Ez a kezdem\u00e9nyez\u00e9s nemcsak az erd\u0151telep\u00edt\u00e9shez j\u00e1rul hozz\u00e1, hanem t\u00e1mogatja k\u00fcldet\u00e9s\u00fcket is, hogy olyan szervezeti infrastrukt\u00far\u00e1t hozzanak l\u00e9tre, amely k\u00e9pes a j\u00f6v\u0151beni n\u00f6veked\u00e9sre \u00e9s hat\u00e1sra.<\/p>\n<p><strong>N\u00f6vekv\u0151 hat\u00e1s \u00e9s j\u00f6v\u0151k\u00e9p<\/strong><\/p>\n<p>A Treecelet m\u00e1r t\u00f6bb ezer fa \u00fcltet\u00e9s\u00e9t finansz\u00edrozta vil\u00e1gszerte, \u00e9s nem mutatja a lassul\u00e1s jeleit. A testv\u00e9rek elsz\u00e1ntan k\u00fczdenek az erd\u0151irt\u00e1s ellen, \u00e9s egy olyan j\u00f6v\u0151k\u00e9p vez\u00e9rli \u0151ket, amelyben ism\u00e9t z\u00f6ld erd\u0151k uralj\u00e1k a t\u00e1jat.<\/p>\n<p><strong>Csatlakozz a mozgalomhoz<\/strong><\/p>\n<p class=\"translation-block\">Szeretn\u00e9l r\u00e9szt venni ebben a z\u00f6ld forradalomban? Ha t\u00f6bbet szeretn\u00e9l megtudni a Treecelet \u00fatj\u00e1r\u00f3l, az egyedi kark\u00f6t\u0151kr\u0151l \u00e9s arr\u00f3l, hogyan j\u00e1rulhat hozz\u00e1 az \u00fcgy\u00fckh\u00f6z, l\u00e1togass el a Treecelet oldal\u00e1ra.<\/p>\n<h4 class=\"translation-block\">Az \u00e1ltalunk \u00f6sszegy\u0171jt\u00f6tt j\u00f3 gyakorlatok  <a href=\"https:\/\/www.youngreenhub.eu\/hu\/docs\/real-examples-of-companies-wich-include-circular-economy-or-green-solutions-in-their-business-models\/\" target=\"_blank\" rel=\"noopener\">itt<\/a> \u00e9rhet\u0151k el.<\/h4>","protected":false},"excerpt":{"rendered":"<p>In the face of the global crisis of deforestation, a unique and innovative business model emerges from Slovenia, blending environmental responsibility with fashionable accessories. Treecelet,&hellip;<\/p>","protected":false},"author":1,"featured_media":3474,"comment_status":"closed","ping_status":"open","sticky":false,"template":"","format":"standard","meta":{"footnotes":""},"categories":[80],"tags":[],"class_list":["post-3473","post","type-post","status-publish","format-standard","has-post-thumbnail","hentry","category-best-practices",""],"_links":{"self":[{"href":"https:\/\/www.youngreenhub.eu\/hu\/wp-json\/wp\/v2\/posts\/3473","targetHints":{"allow":["GET"]}}],"collection":[{"href":"https:\/\/www.youngreenhub.eu\/hu\/wp-json\/wp\/v2\/posts"}],"about":[{"href":"https:\/\/www.youngreenhub.eu\/hu\/wp-json\/wp\/v2\/types\/post"}],"author":[{"embeddable":true,"href":"https:\/\/www.youngreenhub.eu\/hu\/wp-json\/wp\/v2\/users\/1"}],"replies":[{"embeddable":true,"href":"https:\/\/www.youngreenhub.eu\/hu\/wp-json\/wp\/v2\/comments?post=3473"}],"version-history":[{"count":1,"href":"https:\/\/www.youngreenhub.eu\/hu\/wp-json\/wp\/v2\/posts\/3473\/revisions"}],"predecessor-version":[{"id":3475,"href":"https:\/\/www.youngreenhub.eu\/hu\/wp-json\/wp\/v2\/posts\/3473\/revisions\/3475"}],"wp:featuredmedia":[{"embeddable":true,"href":"https:\/\/www.youngreenhub.eu\/hu\/wp-json\/wp\/v2\/media\/3474"}],"wp:attachment":[{"href":"https:\/\/www.youngreenhub.eu\/hu\/wp-json\/wp\/v2\/media?parent=3473"}],"wp:term":[{"taxonomy":"category","embeddable":true,"href":"https:\/\/www.youngreenhub.eu\/hu\/wp-json\/wp\/v2\/categories?post=3473"},{"taxonomy":"post_tag","embeddable":true,"href":"https:\/\/www.youngreenhub.eu\/hu\/wp-json\/wp\/v2\/tags?post=3473"}],"curies":[{"name":"wp","href":"https:\/\/api.w.org\/{rel}","templated":true}]}}